{"id":2192,"date":"2017-10-17T09:00:05","date_gmt":"2017-10-17T07:00:05","guid":{"rendered":"https:\/\/noeliabermudez.com\/?p=2192\/"},"modified":"2023-06-01T11:29:25","modified_gmt":"2023-06-01T09:29:25","slug":"trayectoria-profesional","status":"publish","type":"post","link":"https:\/\/noeliabermudez.com\/en\/trayectoria-profesional\/","title":{"rendered":"Orientaci\u00f3n profesional IV: Trayectoria profesional y objetivo. La preparaci\u00f3n como factor clave"},"content":{"rendered":"<h2><span style=\"color: #f48473;\">La importancia de la trayectoria profesional en la b\u00fasqueda activa de empleo<\/span><\/h2>\n<p><strong>\u00bfConsideras importante analizar y dar coherencia a tu trayectoria profesional para la b\u00fasqueda de empleo?<\/strong> Seguimos con la serie de posts de <a href=\"https:\/\/noeliabermudez.com\/etiqueta\/orientacion-profesional\/\"><strong>orientaci\u00f3n profesional para el empleo<\/strong><\/a>. En el post anterior reflexionamos sobre nuestro <a href=\"https:\/\/noeliabermudez.com\/dafo-personal\/\"><strong>DAFO personal<\/strong><\/a>, nuestras motivaciones e intereses para la<a href=\"https:\/\/www.cesarpiqueras.com\/es-imposible-encontrar-empleo\/\"><strong> b\u00fasqueda de empleo<\/strong><\/a>. En el post de hoy nos centraremos en el <strong>an\u00e1lisis del recorrido profesional y la definici\u00f3n de nuestro objetivo.<\/strong><\/p>\n<h2><span style=\"color: #f48473;\">Trayectoria profesional en la b\u00fasqueda de empleo<\/span><\/h2>\n<p>Al igual que en el post anterior, te invito a que reflexiones y a que cojas boli y papel para recoger por escrito esas ideas de las cuestiones siguientes:<\/p>\n<h3><span style=\"color: #f48473;\">AN\u00c1LISIS DEL RECORRIDO Y TRAYECTORIA PROFESIONAL<\/span><\/h3>\n<p>Vamos a reflexionar de forma cronol\u00f3gica cu\u00e1les han sido las experiencias formativas y profesionales que hemos tenido. Seguiremos una linea secuencial coherente que pueda permitir a alguien que no me conoce comprender de forma detallada cu\u00e1l ha sido mi trayectoria profesional.<\/p>\n<h4><strong>\u263c <\/strong><span style=\"color: #f48473;\">Etapas profesionales<\/span><\/h4>\n<p>\u00bfCu\u00e1l es mi <strong>formaci\u00f3n<\/strong> acad\u00e9mica\/reglada? \u00bfQu\u00e9 otra<strong> formaci\u00f3n relevante<\/strong> he realizado? \u00bfC\u00f3mo y d\u00f3nde he adquirido mis <strong>conocimientos<\/strong>? \u00bfQu\u00e9 formaci\u00f3n no oficial he recibido que considero relevante para el trabajo que busco?<\/p>\n<p>\u00bfQu\u00e9 etapas he atravesado en mi <strong>trayectoria profesional?<\/strong> \u00bfCu\u00e1l ha sido la misi\u00f3n principal que ten\u00eda en cada trabajo en cada empresa?<\/p>\n<p>\u00bfQu\u00e9 ha sido lo m\u00e1s importante que he <strong>aprendido<\/strong> en cada una de esas experiencias?<\/p>\n<p>\u00bfQu\u00e9 <strong>competencias<\/strong> y <strong>habilidades<\/strong> me han permitido aprender cada uno de esos trabajos\/experiencias?<\/p>\n<p>\u00bfCu\u00e1l fue el <strong>feedback<\/strong> m\u00e1s interesante sobre mi trabajo que recib\u00ed en mis experiencias anteriores? \u00bfEn qu\u00e9 destacaba seg\u00fan mis superiores o compa\u00f1eros?<\/p>\n<h4><strong>\u263c<\/strong><span style=\"color: #f48473;\"> Motivaciones, cambios y decisiones<\/span><\/h4>\n<p>\u00bfQu\u00e9 me <strong>motivaba<\/strong> en cada puesto? \u00bfCon cu\u00e1les de mis <strong>valores<\/strong> estaba en l\u00ednea cada uno de mis trabajos anteriores? \u00bfCon qu\u00e9 valores entraban en conflicto?<\/p>\n<p>\u00bfQu\u00e9 <strong>decisiones importantes<\/strong> he tenido que tomar en mis anteriores trabajos? \u00bfQu\u00e9 responsabilidad he tenido que desarrollar? \u00bfHe tenido que aprender que no sab\u00eda hacer, en cada uno de mis trabajos anteriores?<\/p>\n<p>\u00bfCu\u00e1les han sido las <strong>razones<\/strong> para finalizar en las empresas que he estado? \u00bfConoces qu\u00e9 te ha motivado a salir de las empresas donde he trabajado?<\/p>\n<p><strong>\u00bfQu\u00e9 quiero conseguir en el futuro?<\/strong> \u00bfSabes qu\u00e9 es lo m\u00e1s importante para ti en un trabajo para estar motivado\/a? \u00bfHay algo que no estar\u00eda dispuesto\/a a tolerar en una empresa?<\/p>\n<h4><strong>\u263c <\/strong><span style=\"color: #f48473;\">Logros profesionales y personales<\/span><\/h4>\n<p>\u00bfQu\u00e9 <strong>resultados<\/strong> he conseguido en mis anteriores puestos? (Intenta ser concreto\/a, dar datos o alg\u00fan indicador que permita valorar el resultado).<\/p>\n<p>\u00bfDe qu\u00e9 <strong>proyectos\/retos<\/strong> me siento m\u00e1s satisfecho\/a? \u00bfCu\u00e1l fue la dificultad principal que tuve que afrontar para llevarlos a cabo?<\/p>\n<p>En caso de que hayas gestionado personas: <strong>\u00bfC\u00f3mo es tu estilo de liderazgo? \u00bf<\/strong>Qu\u00e9 has aprendido sobre la gesti\u00f3n de equipos en tu experiencia?<\/p>\n<p>\u00bfDe qu\u00e9<strong> experiencias personales te sientes m\u00e1s satisfecho\/a<\/strong> en tu vida? \u00bfCu\u00e1les de tus hobbies o aficiones te han permitido desarrollar alguno de tus puntos fuertes?<\/p>\n<p>&nbsp;<\/p>\n<h3><span style=\"color: #f48473;\">DEFINIR EL OBJETIVO<\/span><\/h3>\n<p>As\u00ed, a continuaci\u00f3n repasa todas tus reflexiones de hoy y de los posts anteriores, (<a href=\"https:\/\/noeliabermudez.com\/dafo-personal\/\">valores, intereses, DAFO personal<\/a>&#8230;). Ahora tienes toda la informaci\u00f3n y la visi\u00f3n global que te permite definir de una forma precisa tu objetivo en tu b\u00fasqueda de empleo.<\/p>\n<h4><span style=\"color: #f48473;\">Analiza las alternativas<\/span><\/h4>\n<p>\u00bfQu\u00e9<strong> tipo de puesto<\/strong> me gustar\u00eda tener? \u00bfQu\u00e9 <strong>responsabilidades y funciones<\/strong> me gustar\u00eda desempe\u00f1ar?<\/p>\n<p>\u00bf<strong>Puntos fuertes<\/strong> tengo para cada opci\u00f3n? \u00bfQu\u00e9 <strong>necesito mejorar?<\/strong><\/p>\n<p>\u00bfSabes qu\u00e9 <strong>sectores<\/strong> se adec\u00faan a lo que busco?<\/p>\n<p>\u00bfQu\u00e9<b> <\/b>encajan con mis preferencias?<\/p>\n<p>\u00bfEn qu\u00e9 empresas pueden necesitar lo que ofrezco?<\/p>\n<p>&nbsp;<\/p>\n<h4><span style=\"color: #f48473;\">Define tu OBJETIVO<\/span><strong> (recuerda que sea un <a href=\"https:\/\/noeliabermudez.com\/fases-en-la-busqueda-de-empleo\/\">Objetivo \u201cMARTE<\/a>\u201d: Medible- Alcanzable- Retador- Temporal- Espec\u00edfico).<\/strong><\/h4>\n<p><strong>Ejemplos<\/strong>:<\/p>\n<ul>\n<li>Dirigir un equipo de profesionales de diferentes pa\u00edses en el \u00e1mbito de Log\u00edstica o Compras, en un entorno internacional. Plazo: un a\u00f1o.<\/li>\n<li>Trabajar como Delegado de Ventas, negociando con nuevos clientes, en una zona del norte de Espa\u00f1a en el sector de automoci\u00f3n. Plazo: un a\u00f1o.<\/li>\n<\/ul>\n<p>Algunas<strong> reflexiones que te pueden orientar<\/strong> en esa definici\u00f3n:<\/p>\n<p>\u25ba\u00bfQu\u00e9 quieres conseguir? \u00bfEs concreto? \u00bfEs retador y realista a la vez?<\/p>\n<p>\u25ba\u00bfCu\u00e1l es el plazo en el que deseas alcanzarlo?<\/p>\n<p>\u25ba\u00bf<strong>Te resulta motivador<\/strong> el modo en que lo has formulado?<\/p>\n<p>\u25ba<strong>\u00bfPara qu\u00e9 te servir\u00e1?<\/strong> \u00bfQu\u00e9 conseguir\u00e1s? \u00bfDe qu\u00e9 te alejar\u00e1s al alcanzarlo? \u00bfA que te acercar\u00e1s cuando lo consigas? \u00bfQu\u00e9 representa para ti conseguirlo?<\/p>\n<p>\u25ba\u00bfAlgo te impide lograrlo? \u00bfQu\u00e9 obst\u00e1culos anteriores te lo han impedido?<\/p>\n<p>\u25ba\u00bfSabes qu\u00e9 necesitar\u00e1s para conseguirlo? \u00bfConoces qu\u00e9 recursos posees para alcanzarlo? \u00bfC\u00f3mo los va a emplear?<\/p>\n<p>\u25ba\u00bfTe <strong>identificas<\/strong> con el objetivo?<\/p>\n<p>\u25ba Realiza el<strong> chequeo final<\/strong>: El objetivo que has definido, \u00bfest\u00e1 alineado con tus valores?<\/p>\n<p>Si la respuesta es no: Redefine tu objetivo de forma que sientas que es coherente con los valores importantes para ti.<br \/>\nSi la respuesta es s\u00ed: \u00a1Enhorabuena! Ya tienes tu objetivo bien definido y ser\u00e1 tu foco para dirigir tu estrategia y tu plan de acci\u00f3n.<\/p>\n<p><strong>Antes de establecer tu plan de acci\u00f3n tienes que <span style=\"color: #f48473;\">elaborar tu Curriculum Vitae<\/span><\/strong>, que ser\u00e1 tu presentaci\u00f3n de cara a tu futuro empleador.<\/p>\n<p>Eso lo analizaremos en el siguiente post, te invito a que nos encontremos aqu\u00ed en dos semanas y as\u00ed trataremos en profundidad c\u00f3mo realizar un <strong>Curriculum Vitae profesional<\/strong>.<\/p>\n<h3><span style=\"color: #f48473;\"><b>Art\u00edculos relacionados de Orientaci\u00f3n Profesional:<\/b><\/span><\/h3>\n<ul>\n<li><a href=\"https:\/\/noeliabermudez.com\/fases-en-la-busqueda-de-empleo\/\">Fases en la b\u00fasqueda de empleo<\/a><\/li>\n<li><a href=\"https:\/\/noeliabermudez.com\/seleccion-por-competencias\/\">Qu\u00e9 es la Selecci\u00f3n por Competencias<\/a><\/li>\n<li><a href=\"https:\/\/noeliabermudez.com\/dafo-personal\/\">DAFO personal \u2013 Reflexi\u00f3n y An\u00e1lisis.<\/a><\/li>\n<\/ul>\n","protected":false},"excerpt":{"rendered":"<p>La importancia de la trayectoria profesional en la b\u00fasqueda activa de empleo \u00bfConsideras importante analizar y dar coherencia a tu trayectoria profesional para la b\u00fasqueda de empleo? Seguimos con la serie de posts de orientaci\u00f3n profesional para el empleo. En el post anterior reflexionamos sobre nuestro DAFO personal, nuestras motivaciones e intereses para la b\u00fasqueda&hellip;<\/p>\n","protected":false},"author":3,"featured_media":2284,"comment_status":"open","ping_status":"closed","sticky":false,"template":"","format":"standard","meta":{"footnotes":""},"categories":[4,361],"tags":[365,351,354,343,338,216,342,339,366,134,367],"class_list":["post-2192","post","type-post","status-publish","format-standard","has-post-thumbnail","hentry","category-coaching-ejecutivo","category-orientacion-profesional","tag-actitud-ante-la-busqueda-de-empleo","tag-busqueda-de-empleo","tag-busqueda-de-empleo-activa","tag-coaching-empleo","tag-coaching-para-empleo","tag-desarrollo-profesional","tag-objetivo","tag-orientacion-profesional","tag-orientacion-profesional-para-la-busqueda-de-empleo","tag-seleccion-2","tag-trayectoria-profesional","category-4","category-361","description-off"],"yoast_head":"<!-- This site is optimized with the Yoast SEO plugin v27.4 - https:\/\/yoast.com\/product\/yoast-seo-wordpress\/ -->\n<title>Orientaci\u00f3n profesional IV: Trayectoria profesional y objetivo<\/title>\n<meta name=\"description\" content=\"Trayectoria profesional en la b\u00fasqueda activa de empleo. Por qu\u00e9 es tan importante la preparaci\u00f3n para tener un recorrido profesional orientado a objetivos.\" \/>\n<meta name=\"robots\" content=\"index, follow, max-snippet:-1, max-image-preview:large, max-video-preview:-1\" \/>\n<link rel=\"canonical\" href=\"https:\/\/noeliabermudez.com\/trayectoria-profesional\/\" \/>\n<meta property=\"og:locale\" content=\"en_US\" \/>\n<meta property=\"og:type\" content=\"article\" \/>\n<meta property=\"og:title\" content=\"Orientaci\u00f3n profesional IV: Trayectoria profesional y objetivo\" \/>\n<meta property=\"og:description\" content=\"Trayectoria profesional en la b\u00fasqueda activa de empleo. Por qu\u00e9 es tan importante la preparaci\u00f3n para tener un recorrido profesional orientado a objetivos.\" \/>\n<meta property=\"og:url\" content=\"https:\/\/noeliabermudez.com\/trayectoria-profesional\/\" \/>\n<meta property=\"og:site_name\" content=\"Noelia Bermudez\" \/>\n<meta property=\"article:published_time\" content=\"2017-10-17T07:00:05+00:00\" \/>\n<meta property=\"article:modified_time\" content=\"2023-06-01T09:29:25+00:00\" \/>\n<meta property=\"og:image\" content=\"https:\/\/noeliabermudez.com\/wp-content\/uploads\/2017\/10\/Trayectoria-profesional.jpg\" \/>\n\t<meta property=\"og:image:width\" content=\"1920\" \/>\n\t<meta property=\"og:image:height\" content=\"1080\" \/>\n\t<meta property=\"og:image:type\" content=\"image\/jpeg\" \/>\n<meta name=\"author\" content=\"Noelia Berm\u00fadez\" \/>\n<meta name=\"twitter:label1\" content=\"Written by\" \/>\n\t<meta name=\"twitter:data1\" content=\"Noelia Berm\u00fadez\" \/>\n\t<meta name=\"twitter:label2\" content=\"Est. reading time\" \/>\n\t<meta name=\"twitter:data2\" content=\"5 minutes\" \/>\n<script type=\"application\/ld+json\" class=\"yoast-schema-graph\">{\"@context\":\"https:\\\/\\\/schema.org\",\"@graph\":[{\"@type\":\"Article\",\"@id\":\"https:\\\/\\\/noeliabermudez.com\\\/trayectoria-profesional\\\/#article\",\"isPartOf\":{\"@id\":\"https:\\\/\\\/noeliabermudez.com\\\/trayectoria-profesional\\\/\"},\"author\":{\"name\":\"Noelia Berm\u00fadez\",\"@id\":\"https:\\\/\\\/noeliabermudez.com\\\/#\\\/schema\\\/person\\\/866ef7479a0c0a7068d6db07c98b20d5\"},\"headline\":\"Orientaci\u00f3n profesional IV: Trayectoria profesional y objetivo. La preparaci\u00f3n como factor clave\",\"datePublished\":\"2017-10-17T07:00:05+00:00\",\"dateModified\":\"2023-06-01T09:29:25+00:00\",\"mainEntityOfPage\":{\"@id\":\"https:\\\/\\\/noeliabermudez.com\\\/trayectoria-profesional\\\/\"},\"wordCount\":960,\"commentCount\":0,\"publisher\":{\"@id\":\"https:\\\/\\\/noeliabermudez.com\\\/#organization\"},\"image\":{\"@id\":\"https:\\\/\\\/noeliabermudez.com\\\/trayectoria-profesional\\\/#primaryimage\"},\"thumbnailUrl\":\"https:\\\/\\\/noeliabermudez.com\\\/wp-content\\\/uploads\\\/2017\\\/10\\\/Trayectoria-profesional.jpg\",\"keywords\":[\"actitud ante la b\u00fasqueda de empleo\",\"b\u00fasqueda de empleo\",\"b\u00fasqueda de empleo activa\",\"coaching empleo\",\"coaching para empleo\",\"desarrollo profesional\",\"objetivo\",\"orientaci\u00f3n profesional\",\"Orientaci\u00f3n Profesional para la b\u00fasqueda de empleo\",\"selecci\u00f3n\",\"trayectoria profesional\"],\"articleSection\":[\"Coaching ejecutivo\",\"Orientaci\u00f3n profesional\"],\"inLanguage\":\"en-US\",\"potentialAction\":[{\"@type\":\"CommentAction\",\"name\":\"Comment\",\"target\":[\"https:\\\/\\\/noeliabermudez.com\\\/trayectoria-profesional\\\/#respond\"]}]},{\"@type\":\"WebPage\",\"@id\":\"https:\\\/\\\/noeliabermudez.com\\\/trayectoria-profesional\\\/\",\"url\":\"https:\\\/\\\/noeliabermudez.com\\\/trayectoria-profesional\\\/\",\"name\":\"Orientaci\u00f3n profesional IV: Trayectoria profesional y objetivo\",\"isPartOf\":{\"@id\":\"https:\\\/\\\/noeliabermudez.com\\\/#website\"},\"primaryImageOfPage\":{\"@id\":\"https:\\\/\\\/noeliabermudez.com\\\/trayectoria-profesional\\\/#primaryimage\"},\"image\":{\"@id\":\"https:\\\/\\\/noeliabermudez.com\\\/trayectoria-profesional\\\/#primaryimage\"},\"thumbnailUrl\":\"https:\\\/\\\/noeliabermudez.com\\\/wp-content\\\/uploads\\\/2017\\\/10\\\/Trayectoria-profesional.jpg\",\"datePublished\":\"2017-10-17T07:00:05+00:00\",\"dateModified\":\"2023-06-01T09:29:25+00:00\",\"description\":\"Trayectoria profesional en la b\u00fasqueda activa de empleo. Por qu\u00e9 es tan importante la preparaci\u00f3n para tener un recorrido profesional orientado a objetivos.\",\"breadcrumb\":{\"@id\":\"https:\\\/\\\/noeliabermudez.com\\\/trayectoria-profesional\\\/#breadcrumb\"},\"inLanguage\":\"en-US\",\"potentialAction\":[{\"@type\":\"ReadAction\",\"target\":[\"https:\\\/\\\/noeliabermudez.com\\\/trayectoria-profesional\\\/\"]}]},{\"@type\":\"ImageObject\",\"inLanguage\":\"en-US\",\"@id\":\"https:\\\/\\\/noeliabermudez.com\\\/trayectoria-profesional\\\/#primaryimage\",\"url\":\"https:\\\/\\\/noeliabermudez.com\\\/wp-content\\\/uploads\\\/2017\\\/10\\\/Trayectoria-profesional.jpg\",\"contentUrl\":\"https:\\\/\\\/noeliabermudez.com\\\/wp-content\\\/uploads\\\/2017\\\/10\\\/Trayectoria-profesional.jpg\",\"width\":1920,\"height\":1080,\"caption\":\"Trayectoria profesional\"},{\"@type\":\"BreadcrumbList\",\"@id\":\"https:\\\/\\\/noeliabermudez.com\\\/trayectoria-profesional\\\/#breadcrumb\",\"itemListElement\":[{\"@type\":\"ListItem\",\"position\":1,\"name\":\"Portada\",\"item\":\"https:\\\/\\\/noeliabermudez.com\\\/en\\\/\"},{\"@type\":\"ListItem\",\"position\":2,\"name\":\"Orientaci\u00f3n profesional IV: Trayectoria profesional y objetivo. La preparaci\u00f3n como factor clave\"}]},{\"@type\":\"WebSite\",\"@id\":\"https:\\\/\\\/noeliabermudez.com\\\/#website\",\"url\":\"https:\\\/\\\/noeliabermudez.com\\\/\",\"name\":\"Noelia Bermudez\",\"description\":\"Gesti\u00f3n internacional de personas y Coach ejecutivo\",\"publisher\":{\"@id\":\"https:\\\/\\\/noeliabermudez.com\\\/#organization\"},\"potentialAction\":[{\"@type\":\"SearchAction\",\"target\":{\"@type\":\"EntryPoint\",\"urlTemplate\":\"https:\\\/\\\/noeliabermudez.com\\\/?s={search_term_string}\"},\"query-input\":{\"@type\":\"PropertyValueSpecification\",\"valueRequired\":true,\"valueName\":\"search_term_string\"}}],\"inLanguage\":\"en-US\"},{\"@type\":\"Organization\",\"@id\":\"https:\\\/\\\/noeliabermudez.com\\\/#organization\",\"name\":\"Noelia Bermudez\",\"url\":\"https:\\\/\\\/noeliabermudez.com\\\/\",\"logo\":{\"@type\":\"ImageObject\",\"inLanguage\":\"en-US\",\"@id\":\"https:\\\/\\\/noeliabermudez.com\\\/#\\\/schema\\\/logo\\\/image\\\/\",\"url\":\"https:\\\/\\\/noeliabermudez.com\\\/wp-content\\\/uploads\\\/2023\\\/07\\\/LOGO-NB-PCCX220.png\",\"contentUrl\":\"https:\\\/\\\/noeliabermudez.com\\\/wp-content\\\/uploads\\\/2023\\\/07\\\/LOGO-NB-PCCX220.png\",\"width\":220,\"height\":56,\"caption\":\"Noelia Bermudez\"},\"image\":{\"@id\":\"https:\\\/\\\/noeliabermudez.com\\\/#\\\/schema\\\/logo\\\/image\\\/\"}},{\"@type\":\"Person\",\"@id\":\"https:\\\/\\\/noeliabermudez.com\\\/#\\\/schema\\\/person\\\/866ef7479a0c0a7068d6db07c98b20d5\",\"name\":\"Noelia Berm\u00fadez\",\"image\":{\"@type\":\"ImageObject\",\"inLanguage\":\"en-US\",\"@id\":\"https:\\\/\\\/noeliabermudez.com\\\/wp-content\\\/uploads\\\/2023\\\/06\\\/noelia-avatar-96x96.jpg\",\"url\":\"https:\\\/\\\/noeliabermudez.com\\\/wp-content\\\/uploads\\\/2023\\\/06\\\/noelia-avatar-96x96.jpg\",\"contentUrl\":\"https:\\\/\\\/noeliabermudez.com\\\/wp-content\\\/uploads\\\/2023\\\/06\\\/noelia-avatar-96x96.jpg\",\"caption\":\"Noelia Berm\u00fadez\"},\"description\":\"Mi prop\u00f3sito es contribuir con alegr\u00eda al desarrollo de las personas para que encuentren su misi\u00f3n, alcanzando su mejor versi\u00f3n en este camino.\",\"url\":\"https:\\\/\\\/noeliabermudez.com\\\/en\\\/author\\\/noelia\\\/\"}]}<\/script>\n<!-- \/ Yoast SEO plugin. -->","yoast_head_json":{"title":"Orientaci\u00f3n profesional IV: Trayectoria profesional y objetivo","description":"Trayectoria profesional en la b\u00fasqueda activa de empleo. Por qu\u00e9 es tan importante la preparaci\u00f3n para tener un recorrido profesional orientado a objetivos.","robots":{"index":"index","follow":"follow","max-snippet":"max-snippet:-1","max-image-preview":"max-image-preview:large","max-video-preview":"max-video-preview:-1"},"canonical":"https:\/\/noeliabermudez.com\/trayectoria-profesional\/","og_locale":"en_US","og_type":"article","og_title":"Orientaci\u00f3n profesional IV: Trayectoria profesional y objetivo","og_description":"Trayectoria profesional en la b\u00fasqueda activa de empleo. Por qu\u00e9 es tan importante la preparaci\u00f3n para tener un recorrido profesional orientado a objetivos.","og_url":"https:\/\/noeliabermudez.com\/trayectoria-profesional\/","og_site_name":"Noelia Bermudez","article_published_time":"2017-10-17T07:00:05+00:00","article_modified_time":"2023-06-01T09:29:25+00:00","og_image":[{"width":1920,"height":1080,"url":"https:\/\/noeliabermudez.com\/wp-content\/uploads\/2017\/10\/Trayectoria-profesional.jpg","type":"image\/jpeg"}],"author":"Noelia Berm\u00fadez","twitter_misc":{"Written by":"Noelia Berm\u00fadez","Est. reading time":"5 minutes"},"schema":{"@context":"https:\/\/schema.org","@graph":[{"@type":"Article","@id":"https:\/\/noeliabermudez.com\/trayectoria-profesional\/#article","isPartOf":{"@id":"https:\/\/noeliabermudez.com\/trayectoria-profesional\/"},"author":{"name":"Noelia Berm\u00fadez","@id":"https:\/\/noeliabermudez.com\/#\/schema\/person\/866ef7479a0c0a7068d6db07c98b20d5"},"headline":"Orientaci\u00f3n profesional IV: Trayectoria profesional y objetivo. La preparaci\u00f3n como factor clave","datePublished":"2017-10-17T07:00:05+00:00","dateModified":"2023-06-01T09:29:25+00:00","mainEntityOfPage":{"@id":"https:\/\/noeliabermudez.com\/trayectoria-profesional\/"},"wordCount":960,"commentCount":0,"publisher":{"@id":"https:\/\/noeliabermudez.com\/#organization"},"image":{"@id":"https:\/\/noeliabermudez.com\/trayectoria-profesional\/#primaryimage"},"thumbnailUrl":"https:\/\/noeliabermudez.com\/wp-content\/uploads\/2017\/10\/Trayectoria-profesional.jpg","keywords":["actitud ante la b\u00fasqueda de empleo","b\u00fasqueda de empleo","b\u00fasqueda de empleo activa","coaching empleo","coaching para empleo","desarrollo profesional","objetivo","orientaci\u00f3n profesional","Orientaci\u00f3n Profesional para la b\u00fasqueda de empleo","selecci\u00f3n","trayectoria profesional"],"articleSection":["Coaching ejecutivo","Orientaci\u00f3n profesional"],"inLanguage":"en-US","potentialAction":[{"@type":"CommentAction","name":"Comment","target":["https:\/\/noeliabermudez.com\/trayectoria-profesional\/#respond"]}]},{"@type":"WebPage","@id":"https:\/\/noeliabermudez.com\/trayectoria-profesional\/","url":"https:\/\/noeliabermudez.com\/trayectoria-profesional\/","name":"Orientaci\u00f3n profesional IV: Trayectoria profesional y objetivo","isPartOf":{"@id":"https:\/\/noeliabermudez.com\/#website"},"primaryImageOfPage":{"@id":"https:\/\/noeliabermudez.com\/trayectoria-profesional\/#primaryimage"},"image":{"@id":"https:\/\/noeliabermudez.com\/trayectoria-profesional\/#primaryimage"},"thumbnailUrl":"https:\/\/noeliabermudez.com\/wp-content\/uploads\/2017\/10\/Trayectoria-profesional.jpg","datePublished":"2017-10-17T07:00:05+00:00","dateModified":"2023-06-01T09:29:25+00:00","description":"Trayectoria profesional en la b\u00fasqueda activa de empleo. Por qu\u00e9 es tan importante la preparaci\u00f3n para tener un recorrido profesional orientado a objetivos.","breadcrumb":{"@id":"https:\/\/noeliabermudez.com\/trayectoria-profesional\/#breadcrumb"},"inLanguage":"en-US","potentialAction":[{"@type":"ReadAction","target":["https:\/\/noeliabermudez.com\/trayectoria-profesional\/"]}]},{"@type":"ImageObject","inLanguage":"en-US","@id":"https:\/\/noeliabermudez.com\/trayectoria-profesional\/#primaryimage","url":"https:\/\/noeliabermudez.com\/wp-content\/uploads\/2017\/10\/Trayectoria-profesional.jpg","contentUrl":"https:\/\/noeliabermudez.com\/wp-content\/uploads\/2017\/10\/Trayectoria-profesional.jpg","width":1920,"height":1080,"caption":"Trayectoria profesional"},{"@type":"BreadcrumbList","@id":"https:\/\/noeliabermudez.com\/trayectoria-profesional\/#breadcrumb","itemListElement":[{"@type":"ListItem","position":1,"name":"Portada","item":"https:\/\/noeliabermudez.com\/en\/"},{"@type":"ListItem","position":2,"name":"Orientaci\u00f3n profesional IV: Trayectoria profesional y objetivo. La preparaci\u00f3n como factor clave"}]},{"@type":"WebSite","@id":"https:\/\/noeliabermudez.com\/#website","url":"https:\/\/noeliabermudez.com\/","name":"Noelia Bermudez","description":"Gesti\u00f3n internacional de personas y Coach ejecutivo","publisher":{"@id":"https:\/\/noeliabermudez.com\/#organization"},"potentialAction":[{"@type":"SearchAction","target":{"@type":"EntryPoint","urlTemplate":"https:\/\/noeliabermudez.com\/?s={search_term_string}"},"query-input":{"@type":"PropertyValueSpecification","valueRequired":true,"valueName":"search_term_string"}}],"inLanguage":"en-US"},{"@type":"Organization","@id":"https:\/\/noeliabermudez.com\/#organization","name":"Noelia Bermudez","url":"https:\/\/noeliabermudez.com\/","logo":{"@type":"ImageObject","inLanguage":"en-US","@id":"https:\/\/noeliabermudez.com\/#\/schema\/logo\/image\/","url":"https:\/\/noeliabermudez.com\/wp-content\/uploads\/2023\/07\/LOGO-NB-PCCX220.png","contentUrl":"https:\/\/noeliabermudez.com\/wp-content\/uploads\/2023\/07\/LOGO-NB-PCCX220.png","width":220,"height":56,"caption":"Noelia Bermudez"},"image":{"@id":"https:\/\/noeliabermudez.com\/#\/schema\/logo\/image\/"}},{"@type":"Person","@id":"https:\/\/noeliabermudez.com\/#\/schema\/person\/866ef7479a0c0a7068d6db07c98b20d5","name":"Noelia Berm\u00fadez","image":{"@type":"ImageObject","inLanguage":"en-US","@id":"https:\/\/noeliabermudez.com\/wp-content\/uploads\/2023\/06\/noelia-avatar-96x96.jpg","url":"https:\/\/noeliabermudez.com\/wp-content\/uploads\/2023\/06\/noelia-avatar-96x96.jpg","contentUrl":"https:\/\/noeliabermudez.com\/wp-content\/uploads\/2023\/06\/noelia-avatar-96x96.jpg","caption":"Noelia Berm\u00fadez"},"description":"Mi prop\u00f3sito es contribuir con alegr\u00eda al desarrollo de las personas para que encuentren su misi\u00f3n, alcanzando su mejor versi\u00f3n en este camino.","url":"https:\/\/noeliabermudez.com\/en\/author\/noelia\/"}]}},"_links":{"self":[{"href":"https:\/\/noeliabermudez.com\/en\/wp-json\/wp\/v2\/posts\/2192","targetHints":{"allow":["GET"]}}],"collection":[{"href":"https:\/\/noeliabermudez.com\/en\/wp-json\/wp\/v2\/posts"}],"about":[{"href":"https:\/\/noeliabermudez.com\/en\/wp-json\/wp\/v2\/types\/post"}],"author":[{"embeddable":true,"href":"https:\/\/noeliabermudez.com\/en\/wp-json\/wp\/v2\/users\/3"}],"replies":[{"embeddable":true,"href":"https:\/\/noeliabermudez.com\/en\/wp-json\/wp\/v2\/comments?post=2192"}],"version-history":[{"count":0,"href":"https:\/\/noeliabermudez.com\/en\/wp-json\/wp\/v2\/posts\/2192\/revisions"}],"wp:featuredmedia":[{"embeddable":true,"href":"https:\/\/noeliabermudez.com\/en\/wp-json\/wp\/v2\/media\/2284"}],"wp:attachment":[{"href":"https:\/\/noeliabermudez.com\/en\/wp-json\/wp\/v2\/media?parent=2192"}],"wp:term":[{"taxonomy":"category","embeddable":true,"href":"https:\/\/noeliabermudez.com\/en\/wp-json\/wp\/v2\/categories?post=2192"},{"taxonomy":"post_tag","embeddable":true,"href":"https:\/\/noeliabermudez.com\/en\/wp-json\/wp\/v2\/tags?post=2192"}],"curies":[{"name":"wp","href":"https:\/\/api.w.org\/{rel}","templated":true}]}}