{"id":2388,"date":"2018-01-09T09:00:58","date_gmt":"2018-01-09T08:00:58","guid":{"rendered":"https:\/\/noeliabermudez.com\/?p=2388"},"modified":"2023-06-01T11:29:20","modified_gmt":"2023-06-01T09:29:20","slug":"poder-del-desorden-estimula-creatividad","status":"publish","type":"post","link":"https:\/\/noeliabermudez.com\/en\/poder-del-desorden-estimula-creatividad\/","title":{"rendered":"El poder del desorden para desarrollar la creatividad"},"content":{"rendered":"<h2 id=\"titulo_noticia\" class=\"titulo\"><span style=\"color: #f48473;\">El desorden estimula la creatividad<\/span><\/h2>\n<p>\u00bfSabes <strong>por qu\u00e9 el desorden estimula la creatividad<\/strong>? <strong>\u00bfQu\u00e9 es el poder del desorden?<\/strong><\/p>\n<p>En estos primeros d\u00edas en los que parece que todo el mundo est\u00e1 haciendo listas y &#8220;poniendo orden&#8221; a sus ideas voy a haceros una propuesta diferente. Me gustar\u00eda recomendaros en esta ocasi\u00f3n la lectura de un <a href=\"https:\/\/noeliabermudez.com\/categoria\/libros-desarrollo-personal\/\"><strong>libro<\/strong> <\/a>que me ha gustado mucho y me ha hecho reflexionar.<\/p>\n<p>Trata de la importancia de cuestionarnos el orden establecido, de \u201cromper algunas reglas\u201d y salir de la cotidianidad para poder abrirnos a espacios creativos <a href=\"https:\/\/noeliabermudez.com\/que-suenos-quieres-cumplir-en-el-nuevo-ano-2\/\"><strong>saliendo de nuestra zona conocida.<\/strong><\/a><\/p>\n<p>Es el libro de <strong><a href=\"http:\/\/timharford.com\/\">Tim Harford<\/a>, \u201cEl poder del desorden\u201d<\/strong> y en \u00e9l Harford defiende la tesis de que es mejor vencer la tentaci\u00f3n de actuar de forma ordenada si queremos fomentar la creatividad.<\/p>\n<p>Me gustar\u00eda resaltar algunas de las <strong>ideas<\/strong> que he encontrado en el <strong>libro<\/strong> y que me han hecho <strong>reflexionar sobre este \u201cpoder del desorden<\/strong>\u201d:<\/p>\n<h2><span style=\"color: #f48473;\">El poder del desorden y la creatividad: su relaci\u00f3n<\/span><\/h2>\n<h3><span style=\"color: #f48473;\">El poder del desorden: Pensamiento en grupo<\/span><\/h3>\n<p>El autor trata el concepto de \u201cpensamiento de grupo\u201d, popularizado por el psic\u00f3logo <a href=\"https:\/\/es.wikipedia.org\/wiki\/Irving_Janis\"><strong>Irving Janis,<\/strong><\/a> que describe el proceso en el que varias personas piensan de forma similar por no apartarse de la opini\u00f3n general del grupo, lo que les lleva a tomar decisiones inapropiadas por no examinarlas en profundidad.<\/p>\n<p>Creo que es una realidad muy acertada, ya que en muchas ocasiones, en los entornos empresariales tendemos a no poner en duda algunas propuestas de otras personas por no \u201cromper la armon\u00eda\u201d del grupo, con lo cual no estamos ejerciendo nuestra responsabilidad de ser cr\u00edticos en pos de una falsa estabilidad del grupo.<\/p>\n<p>Es de vital importancia fomentar la cr\u00edtica y la diversidad de opini\u00f3n entre los miembros del equipo para poder crear nuevas situaciones y espacios creativos.<\/p>\n<p>&nbsp;<\/p>\n<h3><span style=\"color: #f48473;\">El poder del desorden: ampliar nuestra visi\u00f3n<\/span><\/h3>\n<p>Otra de las ideas del autor que me ha resultado interesante es reflexionar sobre el hecho de que hoy en d\u00eda gracias a las nuevas tecnolog\u00edas, tenemos acceso a much\u00edsimas v\u00edas de conocimiento y m\u00e1s opciones sobre a qui\u00e9n escuchar, a qui\u00e9n leer o seguir.<\/p>\n<p>Pero en ocasiones, esta mayor posibilidad de elecci\u00f3n la limitamos cerrando un c\u00edrculo de personas m\u00e1s bien parecidas a nosotros mismos, con nuestros mismos gustos, aficiones, intereses o experiencias.<\/p>\n<p>Es curioso constatar este comportamiento humano y quiz\u00e1s m\u00e1s interesante forzarnos a salir de nuestra zona de confort conocida, para ser capaces de <strong>ampliar nuestra visi\u00f3n<\/strong>, ampliando nuestros patrones fomentando relaciones con personas que opinan de forma diferente a nosotros, lo cual nos llevar\u00e1 tambi\u00e9n a encontrar <strong>soluciones m\u00e1s creativas<\/strong>.<\/p>\n<p>&nbsp;<\/p>\n<h3><span style=\"color: #f48473;\">El poder del desorden: controla tu lugar de trabajo<\/span><\/h3>\n<p>Es interesante tambi\u00e9n la reflexi\u00f3n de Harford sobre los espacios de trabajo en las organizaciones. \u00c9l aboga por dejar libertad a los trabajadores para que elijan su propio espacio, ya que opina que las personas <strong>trabajamos mejor cuando podemos controlar nuestro lugar de trabajo<\/strong>.<\/p>\n<p>Personalmente estoy de acuerdo con esta afirmaci\u00f3n, no es tan relevante el mantener un \u201cestilo corporativo\u201d si lo que queremos realmente en la organizaci\u00f3n es impulsar la creatividad y la diversidad para encontrar nuestra propuestas e ideas.<\/p>\n<p>Tiene l\u00f3gica que esto empiece a demostrarse tambi\u00e9n en el lugar de trabajo, \u00bfno es cierto?<\/p>\n<p>&nbsp;<\/p>\n<h3><span style=\"color: #f48473;\">El poder del desorden: dejarse llevar<\/span><\/h3>\n<p>Otra de las conclusiones a las que lleva el libro es la importancia de <strong>fomentar la improvisaci\u00f3n<\/strong> y el \u201c<strong>dejarse llevar<\/strong>\u201d.<\/p>\n<p>Es interesante la idea de que las personas puedan expresarse en un entorno seguro, sin juicios, con menos autocontrol, para que no se autocensuren ideas en el momento de la generaci\u00f3n de las mismas, por descabelladas que puedan parecer en un inicio.<\/p>\n<p>Una vez m\u00e1s, me resulta fant\u00e1stica esta reflexi\u00f3n&#8230;<\/p>\n<p>Si se quiere favorecer la iniciativa y la diversidad de ideas, \u00bfc\u00f3mo pretendemos que esto ocurra enjuiciando las ideas disparatadas en un brainstorming?<\/p>\n<p>&nbsp;<\/p>\n<h3><span style=\"color: #f48473;\">El desorden y la creatividad: conclusi\u00f3n<\/span><\/h3>\n<p><strong>Y a ti, \u00bfcu\u00e1les de estas ideas te resuenan de una forma especial? \u00bfQu\u00e9 acci\u00f3n vas a poner en pr\u00e1ctica para aumentar tu creatividad?<\/strong><\/p>\n<p>Me gustar\u00eda compartir tambi\u00e9n con vosotros esta charla TED de <strong>Tim Harford<\/strong>, sobre &#8220;<strong>C\u00f3mo la frustraci\u00f3n puede hacernos m\u00e1s creativos<\/strong>&#8220;&#8230; Que la disfrut\u00e9is!<\/p>\n<p><iframe title=\"How frustration can make us more creative | Tim Harford\" width=\"1200\" height=\"675\" src=\"https:\/\/www.youtube.com\/embed\/N7wF2AdVy2Q?feature=oembed\" frameborder=\"0\" allow=\"accelerometer; autoplay; clipboard-write; encrypted-media; gyroscope; picture-in-picture; web-share\" allowfullscreen><\/iframe><\/p>\n","protected":false},"excerpt":{"rendered":"<p>El desorden estimula la creatividad \u00bfSabes por qu\u00e9 el desorden estimula la creatividad? \u00bfQu\u00e9 es el poder del desorden? En estos primeros d\u00edas en los que parece que todo el mundo est\u00e1 haciendo listas y &#8220;poniendo orden&#8221; a sus ideas voy a haceros una propuesta diferente. Me gustar\u00eda recomendaros en esta ocasi\u00f3n la lectura de&hellip;<\/p>\n","protected":false},"author":3,"featured_media":2412,"comment_status":"open","ping_status":"closed","sticky":false,"template":"","format":"standard","meta":{"footnotes":""},"categories":[11,10],"tags":[395,40,214,399,398,400,396,401],"class_list":["post-2388","post","type-post","status-publish","format-standard","has-post-thumbnail","hentry","category-crecimiento-personal","category-libros-desarrollo-personal","tag-creatividad","tag-desarrollo","tag-desarrollo-personal","tag-desorden-y-creatividad","tag-el-poder-del-desorden","tag-estimula-la-creatividad","tag-liderazgo-personal","tag-ser-desordenado","category-11","category-10","description-off"],"yoast_head":"<!-- This site is optimized with the Yoast SEO plugin v27.4 - https:\/\/yoast.com\/product\/yoast-seo-wordpress\/ -->\n<title>El poder del desorden para desarrollar la creatividad<\/title>\n<meta name=\"description\" content=\"El poder del desorden: \u00bfSabes por qu\u00e9 el desorden estimula la creatividad? Ser desordenado fomenta la creatividad. Conoce las razones por Tim Harford.\" \/>\n<meta name=\"robots\" content=\"index, follow, max-snippet:-1, max-image-preview:large, max-video-preview:-1\" \/>\n<link rel=\"canonical\" href=\"https:\/\/noeliabermudez.com\/poder-del-desorden-estimula-creatividad\/\" \/>\n<meta property=\"og:locale\" content=\"en_US\" \/>\n<meta property=\"og:type\" content=\"article\" \/>\n<meta property=\"og:title\" content=\"El poder del desorden para desarrollar la creatividad\" \/>\n<meta property=\"og:description\" content=\"El poder del desorden: \u00bfSabes por qu\u00e9 el desorden estimula la creatividad? Ser desordenado fomenta la creatividad. Conoce las razones por Tim Harford.\" \/>\n<meta property=\"og:url\" content=\"https:\/\/noeliabermudez.com\/poder-del-desorden-estimula-creatividad\/\" \/>\n<meta property=\"og:site_name\" content=\"Noelia Bermudez\" \/>\n<meta property=\"article:published_time\" content=\"2018-01-09T08:00:58+00:00\" \/>\n<meta property=\"article:modified_time\" content=\"2023-06-01T09:29:20+00:00\" \/>\n<meta property=\"og:image\" content=\"https:\/\/noeliabermudez.com\/wp-content\/uploads\/2018\/01\/el-poder-del-desorden.jpg\" \/>\n\t<meta property=\"og:image:width\" content=\"1920\" \/>\n\t<meta property=\"og:image:height\" content=\"1080\" \/>\n\t<meta property=\"og:image:type\" content=\"image\/jpeg\" \/>\n<meta name=\"author\" content=\"Noelia Berm\u00fadez\" \/>\n<meta name=\"twitter:label1\" content=\"Written by\" \/>\n\t<meta name=\"twitter:data1\" content=\"Noelia Berm\u00fadez\" \/>\n\t<meta name=\"twitter:label2\" content=\"Est. reading time\" \/>\n\t<meta name=\"twitter:data2\" content=\"4 minutes\" \/>\n<script type=\"application\/ld+json\" class=\"yoast-schema-graph\">{\"@context\":\"https:\\\/\\\/schema.org\",\"@graph\":[{\"@type\":\"Article\",\"@id\":\"https:\\\/\\\/noeliabermudez.com\\\/poder-del-desorden-estimula-creatividad\\\/#article\",\"isPartOf\":{\"@id\":\"https:\\\/\\\/noeliabermudez.com\\\/poder-del-desorden-estimula-creatividad\\\/\"},\"author\":{\"name\":\"Noelia Berm\u00fadez\",\"@id\":\"https:\\\/\\\/noeliabermudez.com\\\/#\\\/schema\\\/person\\\/866ef7479a0c0a7068d6db07c98b20d5\"},\"headline\":\"El poder del desorden para desarrollar la creatividad\",\"datePublished\":\"2018-01-09T08:00:58+00:00\",\"dateModified\":\"2023-06-01T09:29:20+00:00\",\"mainEntityOfPage\":{\"@id\":\"https:\\\/\\\/noeliabermudez.com\\\/poder-del-desorden-estimula-creatividad\\\/\"},\"wordCount\":762,\"commentCount\":4,\"publisher\":{\"@id\":\"https:\\\/\\\/noeliabermudez.com\\\/#organization\"},\"image\":{\"@id\":\"https:\\\/\\\/noeliabermudez.com\\\/poder-del-desorden-estimula-creatividad\\\/#primaryimage\"},\"thumbnailUrl\":\"https:\\\/\\\/noeliabermudez.com\\\/wp-content\\\/uploads\\\/2018\\\/01\\\/el-poder-del-desorden.jpg\",\"keywords\":[\"creatividad\",\"desarrollo\",\"desarrollo personal\",\"desorden y creatividad\",\"el poder del desorden\",\"estimula la creatividad\",\"liderazgo personal\",\"ser desordenado\"],\"articleSection\":[\"Crecimiento personal\",\"Libros desarrollo personal\"],\"inLanguage\":\"en-US\",\"potentialAction\":[{\"@type\":\"CommentAction\",\"name\":\"Comment\",\"target\":[\"https:\\\/\\\/noeliabermudez.com\\\/poder-del-desorden-estimula-creatividad\\\/#respond\"]}]},{\"@type\":\"WebPage\",\"@id\":\"https:\\\/\\\/noeliabermudez.com\\\/poder-del-desorden-estimula-creatividad\\\/\",\"url\":\"https:\\\/\\\/noeliabermudez.com\\\/poder-del-desorden-estimula-creatividad\\\/\",\"name\":\"El poder del desorden para desarrollar la creatividad\",\"isPartOf\":{\"@id\":\"https:\\\/\\\/noeliabermudez.com\\\/#website\"},\"primaryImageOfPage\":{\"@id\":\"https:\\\/\\\/noeliabermudez.com\\\/poder-del-desorden-estimula-creatividad\\\/#primaryimage\"},\"image\":{\"@id\":\"https:\\\/\\\/noeliabermudez.com\\\/poder-del-desorden-estimula-creatividad\\\/#primaryimage\"},\"thumbnailUrl\":\"https:\\\/\\\/noeliabermudez.com\\\/wp-content\\\/uploads\\\/2018\\\/01\\\/el-poder-del-desorden.jpg\",\"datePublished\":\"2018-01-09T08:00:58+00:00\",\"dateModified\":\"2023-06-01T09:29:20+00:00\",\"description\":\"El poder del desorden: \u00bfSabes por qu\u00e9 el desorden estimula la creatividad? Ser desordenado fomenta la creatividad. Conoce las razones por Tim Harford.\",\"breadcrumb\":{\"@id\":\"https:\\\/\\\/noeliabermudez.com\\\/poder-del-desorden-estimula-creatividad\\\/#breadcrumb\"},\"inLanguage\":\"en-US\",\"potentialAction\":[{\"@type\":\"ReadAction\",\"target\":[\"https:\\\/\\\/noeliabermudez.com\\\/poder-del-desorden-estimula-creatividad\\\/\"]}]},{\"@type\":\"ImageObject\",\"inLanguage\":\"en-US\",\"@id\":\"https:\\\/\\\/noeliabermudez.com\\\/poder-del-desorden-estimula-creatividad\\\/#primaryimage\",\"url\":\"https:\\\/\\\/noeliabermudez.com\\\/wp-content\\\/uploads\\\/2018\\\/01\\\/el-poder-del-desorden.jpg\",\"contentUrl\":\"https:\\\/\\\/noeliabermudez.com\\\/wp-content\\\/uploads\\\/2018\\\/01\\\/el-poder-del-desorden.jpg\",\"width\":1920,\"height\":1080,\"caption\":\"el poder del desorden\"},{\"@type\":\"BreadcrumbList\",\"@id\":\"https:\\\/\\\/noeliabermudez.com\\\/poder-del-desorden-estimula-creatividad\\\/#breadcrumb\",\"itemListElement\":[{\"@type\":\"ListItem\",\"position\":1,\"name\":\"Portada\",\"item\":\"https:\\\/\\\/noeliabermudez.com\\\/en\\\/\"},{\"@type\":\"ListItem\",\"position\":2,\"name\":\"El poder del desorden para desarrollar la creatividad\"}]},{\"@type\":\"WebSite\",\"@id\":\"https:\\\/\\\/noeliabermudez.com\\\/#website\",\"url\":\"https:\\\/\\\/noeliabermudez.com\\\/\",\"name\":\"Noelia Bermudez\",\"description\":\"Gesti\u00f3n internacional de personas y Coach ejecutivo\",\"publisher\":{\"@id\":\"https:\\\/\\\/noeliabermudez.com\\\/#organization\"},\"potentialAction\":[{\"@type\":\"SearchAction\",\"target\":{\"@type\":\"EntryPoint\",\"urlTemplate\":\"https:\\\/\\\/noeliabermudez.com\\\/?s={search_term_string}\"},\"query-input\":{\"@type\":\"PropertyValueSpecification\",\"valueRequired\":true,\"valueName\":\"search_term_string\"}}],\"inLanguage\":\"en-US\"},{\"@type\":\"Organization\",\"@id\":\"https:\\\/\\\/noeliabermudez.com\\\/#organization\",\"name\":\"Noelia Bermudez\",\"url\":\"https:\\\/\\\/noeliabermudez.com\\\/\",\"logo\":{\"@type\":\"ImageObject\",\"inLanguage\":\"en-US\",\"@id\":\"https:\\\/\\\/noeliabermudez.com\\\/#\\\/schema\\\/logo\\\/image\\\/\",\"url\":\"https:\\\/\\\/noeliabermudez.com\\\/wp-content\\\/uploads\\\/2023\\\/07\\\/LOGO-NB-PCCX220.png\",\"contentUrl\":\"https:\\\/\\\/noeliabermudez.com\\\/wp-content\\\/uploads\\\/2023\\\/07\\\/LOGO-NB-PCCX220.png\",\"width\":220,\"height\":56,\"caption\":\"Noelia Bermudez\"},\"image\":{\"@id\":\"https:\\\/\\\/noeliabermudez.com\\\/#\\\/schema\\\/logo\\\/image\\\/\"}},{\"@type\":\"Person\",\"@id\":\"https:\\\/\\\/noeliabermudez.com\\\/#\\\/schema\\\/person\\\/866ef7479a0c0a7068d6db07c98b20d5\",\"name\":\"Noelia Berm\u00fadez\",\"image\":{\"@type\":\"ImageObject\",\"inLanguage\":\"en-US\",\"@id\":\"https:\\\/\\\/noeliabermudez.com\\\/wp-content\\\/uploads\\\/2023\\\/06\\\/noelia-avatar-96x96.jpg\",\"url\":\"https:\\\/\\\/noeliabermudez.com\\\/wp-content\\\/uploads\\\/2023\\\/06\\\/noelia-avatar-96x96.jpg\",\"contentUrl\":\"https:\\\/\\\/noeliabermudez.com\\\/wp-content\\\/uploads\\\/2023\\\/06\\\/noelia-avatar-96x96.jpg\",\"caption\":\"Noelia Berm\u00fadez\"},\"description\":\"Mi prop\u00f3sito es contribuir con alegr\u00eda al desarrollo de las personas para que encuentren su misi\u00f3n, alcanzando su mejor versi\u00f3n en este camino.\",\"url\":\"https:\\\/\\\/noeliabermudez.com\\\/en\\\/author\\\/noelia\\\/\"}]}<\/script>\n<!-- \/ Yoast SEO plugin. -->","yoast_head_json":{"title":"El poder del desorden para desarrollar la creatividad","description":"El poder del desorden: \u00bfSabes por qu\u00e9 el desorden estimula la creatividad? Ser desordenado fomenta la creatividad. Conoce las razones por Tim Harford.","robots":{"index":"index","follow":"follow","max-snippet":"max-snippet:-1","max-image-preview":"max-image-preview:large","max-video-preview":"max-video-preview:-1"},"canonical":"https:\/\/noeliabermudez.com\/poder-del-desorden-estimula-creatividad\/","og_locale":"en_US","og_type":"article","og_title":"El poder del desorden para desarrollar la creatividad","og_description":"El poder del desorden: \u00bfSabes por qu\u00e9 el desorden estimula la creatividad? Ser desordenado fomenta la creatividad. Conoce las razones por Tim Harford.","og_url":"https:\/\/noeliabermudez.com\/poder-del-desorden-estimula-creatividad\/","og_site_name":"Noelia Bermudez","article_published_time":"2018-01-09T08:00:58+00:00","article_modified_time":"2023-06-01T09:29:20+00:00","og_image":[{"width":1920,"height":1080,"url":"https:\/\/noeliabermudez.com\/wp-content\/uploads\/2018\/01\/el-poder-del-desorden.jpg","type":"image\/jpeg"}],"author":"Noelia Berm\u00fadez","twitter_misc":{"Written by":"Noelia Berm\u00fadez","Est. reading time":"4 minutes"},"schema":{"@context":"https:\/\/schema.org","@graph":[{"@type":"Article","@id":"https:\/\/noeliabermudez.com\/poder-del-desorden-estimula-creatividad\/#article","isPartOf":{"@id":"https:\/\/noeliabermudez.com\/poder-del-desorden-estimula-creatividad\/"},"author":{"name":"Noelia Berm\u00fadez","@id":"https:\/\/noeliabermudez.com\/#\/schema\/person\/866ef7479a0c0a7068d6db07c98b20d5"},"headline":"El poder del desorden para desarrollar la creatividad","datePublished":"2018-01-09T08:00:58+00:00","dateModified":"2023-06-01T09:29:20+00:00","mainEntityOfPage":{"@id":"https:\/\/noeliabermudez.com\/poder-del-desorden-estimula-creatividad\/"},"wordCount":762,"commentCount":4,"publisher":{"@id":"https:\/\/noeliabermudez.com\/#organization"},"image":{"@id":"https:\/\/noeliabermudez.com\/poder-del-desorden-estimula-creatividad\/#primaryimage"},"thumbnailUrl":"https:\/\/noeliabermudez.com\/wp-content\/uploads\/2018\/01\/el-poder-del-desorden.jpg","keywords":["creatividad","desarrollo","desarrollo personal","desorden y creatividad","el poder del desorden","estimula la creatividad","liderazgo personal","ser desordenado"],"articleSection":["Crecimiento personal","Libros desarrollo personal"],"inLanguage":"en-US","potentialAction":[{"@type":"CommentAction","name":"Comment","target":["https:\/\/noeliabermudez.com\/poder-del-desorden-estimula-creatividad\/#respond"]}]},{"@type":"WebPage","@id":"https:\/\/noeliabermudez.com\/poder-del-desorden-estimula-creatividad\/","url":"https:\/\/noeliabermudez.com\/poder-del-desorden-estimula-creatividad\/","name":"El poder del desorden para desarrollar la creatividad","isPartOf":{"@id":"https:\/\/noeliabermudez.com\/#website"},"primaryImageOfPage":{"@id":"https:\/\/noeliabermudez.com\/poder-del-desorden-estimula-creatividad\/#primaryimage"},"image":{"@id":"https:\/\/noeliabermudez.com\/poder-del-desorden-estimula-creatividad\/#primaryimage"},"thumbnailUrl":"https:\/\/noeliabermudez.com\/wp-content\/uploads\/2018\/01\/el-poder-del-desorden.jpg","datePublished":"2018-01-09T08:00:58+00:00","dateModified":"2023-06-01T09:29:20+00:00","description":"El poder del desorden: \u00bfSabes por qu\u00e9 el desorden estimula la creatividad? Ser desordenado fomenta la creatividad. Conoce las razones por Tim Harford.","breadcrumb":{"@id":"https:\/\/noeliabermudez.com\/poder-del-desorden-estimula-creatividad\/#breadcrumb"},"inLanguage":"en-US","potentialAction":[{"@type":"ReadAction","target":["https:\/\/noeliabermudez.com\/poder-del-desorden-estimula-creatividad\/"]}]},{"@type":"ImageObject","inLanguage":"en-US","@id":"https:\/\/noeliabermudez.com\/poder-del-desorden-estimula-creatividad\/#primaryimage","url":"https:\/\/noeliabermudez.com\/wp-content\/uploads\/2018\/01\/el-poder-del-desorden.jpg","contentUrl":"https:\/\/noeliabermudez.com\/wp-content\/uploads\/2018\/01\/el-poder-del-desorden.jpg","width":1920,"height":1080,"caption":"el poder del desorden"},{"@type":"BreadcrumbList","@id":"https:\/\/noeliabermudez.com\/poder-del-desorden-estimula-creatividad\/#breadcrumb","itemListElement":[{"@type":"ListItem","position":1,"name":"Portada","item":"https:\/\/noeliabermudez.com\/en\/"},{"@type":"ListItem","position":2,"name":"El poder del desorden para desarrollar la creatividad"}]},{"@type":"WebSite","@id":"https:\/\/noeliabermudez.com\/#website","url":"https:\/\/noeliabermudez.com\/","name":"Noelia Bermudez","description":"Gesti\u00f3n internacional de personas y Coach ejecutivo","publisher":{"@id":"https:\/\/noeliabermudez.com\/#organization"},"potentialAction":[{"@type":"SearchAction","target":{"@type":"EntryPoint","urlTemplate":"https:\/\/noeliabermudez.com\/?s={search_term_string}"},"query-input":{"@type":"PropertyValueSpecification","valueRequired":true,"valueName":"search_term_string"}}],"inLanguage":"en-US"},{"@type":"Organization","@id":"https:\/\/noeliabermudez.com\/#organization","name":"Noelia Bermudez","url":"https:\/\/noeliabermudez.com\/","logo":{"@type":"ImageObject","inLanguage":"en-US","@id":"https:\/\/noeliabermudez.com\/#\/schema\/logo\/image\/","url":"https:\/\/noeliabermudez.com\/wp-content\/uploads\/2023\/07\/LOGO-NB-PCCX220.png","contentUrl":"https:\/\/noeliabermudez.com\/wp-content\/uploads\/2023\/07\/LOGO-NB-PCCX220.png","width":220,"height":56,"caption":"Noelia Bermudez"},"image":{"@id":"https:\/\/noeliabermudez.com\/#\/schema\/logo\/image\/"}},{"@type":"Person","@id":"https:\/\/noeliabermudez.com\/#\/schema\/person\/866ef7479a0c0a7068d6db07c98b20d5","name":"Noelia Berm\u00fadez","image":{"@type":"ImageObject","inLanguage":"en-US","@id":"https:\/\/noeliabermudez.com\/wp-content\/uploads\/2023\/06\/noelia-avatar-96x96.jpg","url":"https:\/\/noeliabermudez.com\/wp-content\/uploads\/2023\/06\/noelia-avatar-96x96.jpg","contentUrl":"https:\/\/noeliabermudez.com\/wp-content\/uploads\/2023\/06\/noelia-avatar-96x96.jpg","caption":"Noelia Berm\u00fadez"},"description":"Mi prop\u00f3sito es contribuir con alegr\u00eda al desarrollo de las personas para que encuentren su misi\u00f3n, alcanzando su mejor versi\u00f3n en este camino.","url":"https:\/\/noeliabermudez.com\/en\/author\/noelia\/"}]}},"_links":{"self":[{"href":"https:\/\/noeliabermudez.com\/en\/wp-json\/wp\/v2\/posts\/2388","targetHints":{"allow":["GET"]}}],"collection":[{"href":"https:\/\/noeliabermudez.com\/en\/wp-json\/wp\/v2\/posts"}],"about":[{"href":"https:\/\/noeliabermudez.com\/en\/wp-json\/wp\/v2\/types\/post"}],"author":[{"embeddable":true,"href":"https:\/\/noeliabermudez.com\/en\/wp-json\/wp\/v2\/users\/3"}],"replies":[{"embeddable":true,"href":"https:\/\/noeliabermudez.com\/en\/wp-json\/wp\/v2\/comments?post=2388"}],"version-history":[{"count":0,"href":"https:\/\/noeliabermudez.com\/en\/wp-json\/wp\/v2\/posts\/2388\/revisions"}],"wp:featuredmedia":[{"embeddable":true,"href":"https:\/\/noeliabermudez.com\/en\/wp-json\/wp\/v2\/media\/2412"}],"wp:attachment":[{"href":"https:\/\/noeliabermudez.com\/en\/wp-json\/wp\/v2\/media?parent=2388"}],"wp:term":[{"taxonomy":"category","embeddable":true,"href":"https:\/\/noeliabermudez.com\/en\/wp-json\/wp\/v2\/categories?post=2388"},{"taxonomy":"post_tag","embeddable":true,"href":"https:\/\/noeliabermudez.com\/en\/wp-json\/wp\/v2\/tags?post=2388"}],"curies":[{"name":"wp","href":"https:\/\/api.w.org\/{rel}","templated":true}]}}