{"id":680,"date":"2014-09-02T09:00:30","date_gmt":"2014-09-02T07:00:30","guid":{"rendered":"https:\/\/noeliabermudez.com\/?p=680"},"modified":"2023-06-01T11:30:21","modified_gmt":"2023-06-01T09:30:21","slug":"el-lider-y-la-comunicacion","status":"publish","type":"post","link":"https:\/\/noeliabermudez.com\/en\/el-lider-y-la-comunicacion\/","title":{"rendered":"El l\u00edder y la comunicaci\u00f3n : habilidades en el liderazgo"},"content":{"rendered":"<p align=\"LEFT\">Los<strong> <a title=\"Claves para ser un buen l\u00edder (I)\" href=\"https:\/\/noeliabermudez.com\/2014\/07\/claves-para-ser-un-buen-lider-i\/\">buenos l\u00edderes<\/a> <\/strong>entienden la importancia de la <strong>comunicaci\u00f3n efectiva<\/strong> entre ellos y los miembros de su equipo. Un <strong>l\u00edder<\/strong> debe poder expresar <strong>claramente <\/strong>lo que se necesita dentro de una organizaci\u00f3n y poder <strong>escuchar<\/strong> de forma <strong>emp\u00e1tica <\/strong>cuando los dem\u00e1s le transmiten informaci\u00f3n. Adem\u00e1s, idealmente, el <a title=\"Claves para ser un buen l\u00edder (II)\" href=\"https:\/\/noeliabermudez.com\/2014\/08\/656-2\/\">l\u00edder<\/a> se esforzar\u00e1 en saber comprender <strong>m\u00e1s all\u00e1 de las palabras<\/strong>, intentando prestar atenci\u00f3n a la <strong>comunicaci\u00f3n no verbal<\/strong> para entender motivaciones y emociones de su equipo.<\/p>\n<h2 align=\"LEFT\"><span style=\"color: #f48473;\">L\u00edder y comunicaci\u00f3n<\/span><\/h2>\n<p><iframe title=\"Coaching Ejecutivo con Noelia Berm\u00fadez : presentaci\u00f3n del canal\" width=\"1200\" height=\"675\" src=\"https:\/\/www.youtube.com\/embed\/cCyg5dHl4ho?feature=oembed\" frameborder=\"0\" allow=\"accelerometer; autoplay; clipboard-write; encrypted-media; gyroscope; picture-in-picture; web-share\" allowfullscreen><\/iframe><\/p>\n<p align=\"LEFT\">As\u00ed, en su comunicaci\u00f3n juega un papel crucial la escucha emp\u00e1tica, (el ponerse en el \u201c<strong>lugar del otro<\/strong>\u201d). Para ello intenta contener la emisi\u00f3n de juicios y el interrumpir o terminar las frases. Intenta hacer que la otra persona se sienta importante y lo hace de forma sincera.<\/p>\n<p align=\"LEFT\"><strong>El l\u00edder sabe escuchar con atenci\u00f3n<\/strong>. Alienta siempre a los colaboradores a plantear soluciones, ideas, alternativas, es decir, a encontrar las<strong> respuestas por s\u00ed mismos<\/strong>, en vez de estar preocupado en darles la soluci\u00f3n.<\/p>\n<p align=\"LEFT\">Es claro en la forma de definir su mensaje, explica el \u201c<strong>qu\u00e9\/c\u00f3mo\/cu\u00e1ndo\/d\u00f3nde<\/strong>\u201d y comprueba que se ha entendido.<\/p>\n<h3 align=\"LEFT\"><span style=\"color: #f48473;\">\u00bfQu\u00e9 es un l\u00edder comunicador?<\/span><\/h3>\n<p align=\"LEFT\">Para dar <strong>reconocimiento <\/strong>el l\u00edder suele realizar los<strong> elogios en p\u00fablico<\/strong>. Habla con naturalidad, de coraz\u00f3n. Utiliza un <strong>lenguaje positivo<\/strong> y deja a la persona sinti\u00e9ndose bien consigo misma.<\/p>\n<p align=\"LEFT\">Cuando <strong>corrige comportamientos<\/strong> intenta elegir un momento adecuado y <strong>en privado<\/strong>. Es concreto, aclarando qu\u00e9 se debe mejorar y porqu\u00e9 y hablando de<strong> hechos concretos,<\/strong> no de rasgos de personalidad. Refuerza al mismo tiempo comportamientos positivos y finaliza <strong>implicando a la persona<\/strong> en la mejora.<\/p>\n<h3 align=\"LEFT\"><span style=\"color: #f48473;\">L\u00edder y comunicaci\u00f3n: reflexiones<\/span><\/h3>\n<p><iframe title=\"Siempre comunicas, aunque no quieras - Comunicaci\u00f3n y Coaching\" width=\"1200\" height=\"675\" src=\"https:\/\/www.youtube.com\/embed\/lU17gw3im60?feature=oembed\" frameborder=\"0\" allow=\"accelerometer; autoplay; clipboard-write; encrypted-media; gyroscope; picture-in-picture; web-share\" allowfullscreen><\/iframe><\/p>\n<p align=\"LEFT\">\u00bfCu\u00e1l es mi <strong>estilo de comunicaci\u00f3n<\/strong>? \u00bfC\u00f3mo me aseguro de que mis <strong>mensajes<\/strong> se comprenden?<\/p>\n<p align=\"LEFT\">\u00bfCon qu\u00e9 frecuencia <strong>reconozco<\/strong> el <strong>buen trabajo<\/strong> de los miembros de mi equipo?<\/p>\n<p align=\"LEFT\">\u00bfC\u00f3mo acostumbro a realizar las <strong>cr\u00edticas<\/strong>? \u00bfPuedo <strong>desarrollar mi empat\u00eda<\/strong> en la comunicaci\u00f3n con mi equipo?<\/p>\n<p align=\"LEFT\">\u00bfC\u00f3mo puedo utilizar un <strong>lenguaje m\u00e1s positivo<\/strong>?<\/p>\n<p align=\"LEFT\">\u00bfQu\u00e9 <strong>aspectos<\/strong> quiero <strong>mejorar<\/strong> en mi comunicaci\u00f3n? \u00bfC\u00f3mo puedo hacerlo?<\/p>\n","protected":false},"excerpt":{"rendered":"<p>Los buenos l\u00edderes entienden la importancia de la comunicaci\u00f3n efectiva entre ellos y los miembros de su equipo. Un l\u00edder debe poder expresar claramente lo que se necesita dentro de una organizaci\u00f3n y poder escuchar de forma emp\u00e1tica cuando los dem\u00e1s le transmiten informaci\u00f3n. Adem\u00e1s, idealmente, el l\u00edder se esforzar\u00e1 en saber comprender m\u00e1s all\u00e1&hellip;<\/p>\n","protected":false},"author":3,"featured_media":720,"comment_status":"open","ping_status":"open","sticky":false,"template":"","format":"standard","meta":{"footnotes":""},"categories":[4,132,44],"tags":[73,50,109,135,513,13,110],"class_list":["post-680","post","type-post","status-publish","format-standard","has-post-thumbnail","hentry","category-coaching-ejecutivo","category-formacion","category-liderazgo-2","tag-comunicacion","tag-empatia","tag-feedback","tag-formacion-2","tag-lider-y-comunicacion","tag-liderazgo","tag-reconocimiento","category-4","category-132","category-44","description-off"],"yoast_head":"<!-- This site is optimized with the Yoast SEO plugin v27.4 - https:\/\/yoast.com\/product\/yoast-seo-wordpress\/ -->\n<title>El l\u00edder y la comunicaci\u00f3n : habilidades en el liderazgo<\/title>\n<meta name=\"description\" content=\"El l\u00edder comunica, entusiasma, convence y mueve a la acci\u00f3n... Hoy hablamos de l\u00edder y comunicaci\u00f3n, las habilidades del l\u00edder en comunicaci\u00f3n.\" \/>\n<meta name=\"robots\" content=\"index, follow, max-snippet:-1, max-image-preview:large, max-video-preview:-1\" \/>\n<link rel=\"canonical\" href=\"https:\/\/noeliabermudez.com\/el-lider-y-la-comunicacion\/\" \/>\n<meta property=\"og:locale\" content=\"en_US\" \/>\n<meta property=\"og:type\" content=\"article\" \/>\n<meta property=\"og:title\" content=\"El l\u00edder y la comunicaci\u00f3n : habilidades en el liderazgo\" \/>\n<meta property=\"og:description\" content=\"El l\u00edder comunica, entusiasma, convence y mueve a la acci\u00f3n... Hoy hablamos de l\u00edder y comunicaci\u00f3n, las habilidades del l\u00edder en comunicaci\u00f3n.\" \/>\n<meta property=\"og:url\" content=\"https:\/\/noeliabermudez.com\/el-lider-y-la-comunicacion\/\" \/>\n<meta property=\"og:site_name\" content=\"Noelia Bermudez\" \/>\n<meta property=\"article:published_time\" content=\"2014-09-02T07:00:30+00:00\" \/>\n<meta property=\"article:modified_time\" content=\"2023-06-01T09:30:21+00:00\" \/>\n<meta property=\"og:image\" content=\"https:\/\/noeliabermudez.com\/wp-content\/uploads\/2014\/09\/usada_-Nelson-Mandela.jpg\" \/>\n\t<meta property=\"og:image:width\" content=\"960\" \/>\n\t<meta property=\"og:image:height\" content=\"634\" \/>\n\t<meta property=\"og:image:type\" content=\"image\/jpeg\" \/>\n<meta name=\"author\" content=\"Noelia Berm\u00fadez\" \/>\n<meta name=\"twitter:label1\" content=\"Written by\" \/>\n\t<meta name=\"twitter:data1\" content=\"Noelia Berm\u00fadez\" \/>\n\t<meta name=\"twitter:label2\" content=\"Est. reading time\" \/>\n\t<meta name=\"twitter:data2\" content=\"2 minutes\" \/>\n<script type=\"application\/ld+json\" class=\"yoast-schema-graph\">{\"@context\":\"https:\\\/\\\/schema.org\",\"@graph\":[{\"@type\":\"Article\",\"@id\":\"https:\\\/\\\/noeliabermudez.com\\\/el-lider-y-la-comunicacion\\\/#article\",\"isPartOf\":{\"@id\":\"https:\\\/\\\/noeliabermudez.com\\\/el-lider-y-la-comunicacion\\\/\"},\"author\":{\"name\":\"Noelia Berm\u00fadez\",\"@id\":\"https:\\\/\\\/noeliabermudez.com\\\/#\\\/schema\\\/person\\\/866ef7479a0c0a7068d6db07c98b20d5\"},\"headline\":\"El l\u00edder y la comunicaci\u00f3n : habilidades en el liderazgo\",\"datePublished\":\"2014-09-02T07:00:30+00:00\",\"dateModified\":\"2023-06-01T09:30:21+00:00\",\"mainEntityOfPage\":{\"@id\":\"https:\\\/\\\/noeliabermudez.com\\\/el-lider-y-la-comunicacion\\\/\"},\"wordCount\":394,\"commentCount\":15,\"publisher\":{\"@id\":\"https:\\\/\\\/noeliabermudez.com\\\/#organization\"},\"image\":{\"@id\":\"https:\\\/\\\/noeliabermudez.com\\\/el-lider-y-la-comunicacion\\\/#primaryimage\"},\"thumbnailUrl\":\"https:\\\/\\\/noeliabermudez.com\\\/wp-content\\\/uploads\\\/2014\\\/09\\\/usada_-Nelson-Mandela.jpg\",\"keywords\":[\"comunicaci\u00f3n\",\"empat\u00eda\",\"feedback\",\"formaci\u00f3n\",\"l\u00edder y comunicaci\u00f3n\",\"liderazgo\",\"reconocimiento\"],\"articleSection\":[\"Coaching ejecutivo\",\"Formaci\u00f3n\",\"Liderazgo\"],\"inLanguage\":\"en-US\",\"potentialAction\":[{\"@type\":\"CommentAction\",\"name\":\"Comment\",\"target\":[\"https:\\\/\\\/noeliabermudez.com\\\/el-lider-y-la-comunicacion\\\/#respond\"]}]},{\"@type\":\"WebPage\",\"@id\":\"https:\\\/\\\/noeliabermudez.com\\\/el-lider-y-la-comunicacion\\\/\",\"url\":\"https:\\\/\\\/noeliabermudez.com\\\/el-lider-y-la-comunicacion\\\/\",\"name\":\"El l\u00edder y la comunicaci\u00f3n : habilidades en el liderazgo\",\"isPartOf\":{\"@id\":\"https:\\\/\\\/noeliabermudez.com\\\/#website\"},\"primaryImageOfPage\":{\"@id\":\"https:\\\/\\\/noeliabermudez.com\\\/el-lider-y-la-comunicacion\\\/#primaryimage\"},\"image\":{\"@id\":\"https:\\\/\\\/noeliabermudez.com\\\/el-lider-y-la-comunicacion\\\/#primaryimage\"},\"thumbnailUrl\":\"https:\\\/\\\/noeliabermudez.com\\\/wp-content\\\/uploads\\\/2014\\\/09\\\/usada_-Nelson-Mandela.jpg\",\"datePublished\":\"2014-09-02T07:00:30+00:00\",\"dateModified\":\"2023-06-01T09:30:21+00:00\",\"description\":\"El l\u00edder comunica, entusiasma, convence y mueve a la acci\u00f3n... Hoy hablamos de l\u00edder y comunicaci\u00f3n, las habilidades del l\u00edder en comunicaci\u00f3n.\",\"breadcrumb\":{\"@id\":\"https:\\\/\\\/noeliabermudez.com\\\/el-lider-y-la-comunicacion\\\/#breadcrumb\"},\"inLanguage\":\"en-US\",\"potentialAction\":[{\"@type\":\"ReadAction\",\"target\":[\"https:\\\/\\\/noeliabermudez.com\\\/el-lider-y-la-comunicacion\\\/\"]}]},{\"@type\":\"ImageObject\",\"inLanguage\":\"en-US\",\"@id\":\"https:\\\/\\\/noeliabermudez.com\\\/el-lider-y-la-comunicacion\\\/#primaryimage\",\"url\":\"https:\\\/\\\/noeliabermudez.com\\\/wp-content\\\/uploads\\\/2014\\\/09\\\/usada_-Nelson-Mandela.jpg\",\"contentUrl\":\"https:\\\/\\\/noeliabermudez.com\\\/wp-content\\\/uploads\\\/2014\\\/09\\\/usada_-Nelson-Mandela.jpg\",\"width\":960,\"height\":634,\"caption\":\"liderazgo comunicaci\u00f3n Nelson Mandela\"},{\"@type\":\"BreadcrumbList\",\"@id\":\"https:\\\/\\\/noeliabermudez.com\\\/el-lider-y-la-comunicacion\\\/#breadcrumb\",\"itemListElement\":[{\"@type\":\"ListItem\",\"position\":1,\"name\":\"Portada\",\"item\":\"https:\\\/\\\/noeliabermudez.com\\\/en\\\/\"},{\"@type\":\"ListItem\",\"position\":2,\"name\":\"El l\u00edder y la comunicaci\u00f3n : habilidades en el liderazgo\"}]},{\"@type\":\"WebSite\",\"@id\":\"https:\\\/\\\/noeliabermudez.com\\\/#website\",\"url\":\"https:\\\/\\\/noeliabermudez.com\\\/\",\"name\":\"Noelia Bermudez\",\"description\":\"Gesti\u00f3n internacional de personas y Coach ejecutivo\",\"publisher\":{\"@id\":\"https:\\\/\\\/noeliabermudez.com\\\/#organization\"},\"potentialAction\":[{\"@type\":\"SearchAction\",\"target\":{\"@type\":\"EntryPoint\",\"urlTemplate\":\"https:\\\/\\\/noeliabermudez.com\\\/?s={search_term_string}\"},\"query-input\":{\"@type\":\"PropertyValueSpecification\",\"valueRequired\":true,\"valueName\":\"search_term_string\"}}],\"inLanguage\":\"en-US\"},{\"@type\":\"Organization\",\"@id\":\"https:\\\/\\\/noeliabermudez.com\\\/#organization\",\"name\":\"Noelia Bermudez\",\"url\":\"https:\\\/\\\/noeliabermudez.com\\\/\",\"logo\":{\"@type\":\"ImageObject\",\"inLanguage\":\"en-US\",\"@id\":\"https:\\\/\\\/noeliabermudez.com\\\/#\\\/schema\\\/logo\\\/image\\\/\",\"url\":\"https:\\\/\\\/noeliabermudez.com\\\/wp-content\\\/uploads\\\/2023\\\/07\\\/LOGO-NB-PCCX220.png\",\"contentUrl\":\"https:\\\/\\\/noeliabermudez.com\\\/wp-content\\\/uploads\\\/2023\\\/07\\\/LOGO-NB-PCCX220.png\",\"width\":220,\"height\":56,\"caption\":\"Noelia Bermudez\"},\"image\":{\"@id\":\"https:\\\/\\\/noeliabermudez.com\\\/#\\\/schema\\\/logo\\\/image\\\/\"}},{\"@type\":\"Person\",\"@id\":\"https:\\\/\\\/noeliabermudez.com\\\/#\\\/schema\\\/person\\\/866ef7479a0c0a7068d6db07c98b20d5\",\"name\":\"Noelia Berm\u00fadez\",\"image\":{\"@type\":\"ImageObject\",\"inLanguage\":\"en-US\",\"@id\":\"https:\\\/\\\/noeliabermudez.com\\\/wp-content\\\/uploads\\\/2023\\\/06\\\/noelia-avatar-96x96.jpg\",\"url\":\"https:\\\/\\\/noeliabermudez.com\\\/wp-content\\\/uploads\\\/2023\\\/06\\\/noelia-avatar-96x96.jpg\",\"contentUrl\":\"https:\\\/\\\/noeliabermudez.com\\\/wp-content\\\/uploads\\\/2023\\\/06\\\/noelia-avatar-96x96.jpg\",\"caption\":\"Noelia Berm\u00fadez\"},\"description\":\"Mi prop\u00f3sito es contribuir con alegr\u00eda al desarrollo de las personas para que encuentren su misi\u00f3n, alcanzando su mejor versi\u00f3n en este camino.\",\"url\":\"https:\\\/\\\/noeliabermudez.com\\\/en\\\/author\\\/noelia\\\/\"}]}<\/script>\n<!-- \/ Yoast SEO plugin. -->","yoast_head_json":{"title":"El l\u00edder y la comunicaci\u00f3n : habilidades en el liderazgo","description":"El l\u00edder comunica, entusiasma, convence y mueve a la acci\u00f3n... Hoy hablamos de l\u00edder y comunicaci\u00f3n, las habilidades del l\u00edder en comunicaci\u00f3n.","robots":{"index":"index","follow":"follow","max-snippet":"max-snippet:-1","max-image-preview":"max-image-preview:large","max-video-preview":"max-video-preview:-1"},"canonical":"https:\/\/noeliabermudez.com\/el-lider-y-la-comunicacion\/","og_locale":"en_US","og_type":"article","og_title":"El l\u00edder y la comunicaci\u00f3n : habilidades en el liderazgo","og_description":"El l\u00edder comunica, entusiasma, convence y mueve a la acci\u00f3n... Hoy hablamos de l\u00edder y comunicaci\u00f3n, las habilidades del l\u00edder en comunicaci\u00f3n.","og_url":"https:\/\/noeliabermudez.com\/el-lider-y-la-comunicacion\/","og_site_name":"Noelia Bermudez","article_published_time":"2014-09-02T07:00:30+00:00","article_modified_time":"2023-06-01T09:30:21+00:00","og_image":[{"width":960,"height":634,"url":"https:\/\/noeliabermudez.com\/wp-content\/uploads\/2014\/09\/usada_-Nelson-Mandela.jpg","type":"image\/jpeg"}],"author":"Noelia Berm\u00fadez","twitter_misc":{"Written by":"Noelia Berm\u00fadez","Est. reading time":"2 minutes"},"schema":{"@context":"https:\/\/schema.org","@graph":[{"@type":"Article","@id":"https:\/\/noeliabermudez.com\/el-lider-y-la-comunicacion\/#article","isPartOf":{"@id":"https:\/\/noeliabermudez.com\/el-lider-y-la-comunicacion\/"},"author":{"name":"Noelia Berm\u00fadez","@id":"https:\/\/noeliabermudez.com\/#\/schema\/person\/866ef7479a0c0a7068d6db07c98b20d5"},"headline":"El l\u00edder y la comunicaci\u00f3n : habilidades en el liderazgo","datePublished":"2014-09-02T07:00:30+00:00","dateModified":"2023-06-01T09:30:21+00:00","mainEntityOfPage":{"@id":"https:\/\/noeliabermudez.com\/el-lider-y-la-comunicacion\/"},"wordCount":394,"commentCount":15,"publisher":{"@id":"https:\/\/noeliabermudez.com\/#organization"},"image":{"@id":"https:\/\/noeliabermudez.com\/el-lider-y-la-comunicacion\/#primaryimage"},"thumbnailUrl":"https:\/\/noeliabermudez.com\/wp-content\/uploads\/2014\/09\/usada_-Nelson-Mandela.jpg","keywords":["comunicaci\u00f3n","empat\u00eda","feedback","formaci\u00f3n","l\u00edder y comunicaci\u00f3n","liderazgo","reconocimiento"],"articleSection":["Coaching ejecutivo","Formaci\u00f3n","Liderazgo"],"inLanguage":"en-US","potentialAction":[{"@type":"CommentAction","name":"Comment","target":["https:\/\/noeliabermudez.com\/el-lider-y-la-comunicacion\/#respond"]}]},{"@type":"WebPage","@id":"https:\/\/noeliabermudez.com\/el-lider-y-la-comunicacion\/","url":"https:\/\/noeliabermudez.com\/el-lider-y-la-comunicacion\/","name":"El l\u00edder y la comunicaci\u00f3n : habilidades en el liderazgo","isPartOf":{"@id":"https:\/\/noeliabermudez.com\/#website"},"primaryImageOfPage":{"@id":"https:\/\/noeliabermudez.com\/el-lider-y-la-comunicacion\/#primaryimage"},"image":{"@id":"https:\/\/noeliabermudez.com\/el-lider-y-la-comunicacion\/#primaryimage"},"thumbnailUrl":"https:\/\/noeliabermudez.com\/wp-content\/uploads\/2014\/09\/usada_-Nelson-Mandela.jpg","datePublished":"2014-09-02T07:00:30+00:00","dateModified":"2023-06-01T09:30:21+00:00","description":"El l\u00edder comunica, entusiasma, convence y mueve a la acci\u00f3n... Hoy hablamos de l\u00edder y comunicaci\u00f3n, las habilidades del l\u00edder en comunicaci\u00f3n.","breadcrumb":{"@id":"https:\/\/noeliabermudez.com\/el-lider-y-la-comunicacion\/#breadcrumb"},"inLanguage":"en-US","potentialAction":[{"@type":"ReadAction","target":["https:\/\/noeliabermudez.com\/el-lider-y-la-comunicacion\/"]}]},{"@type":"ImageObject","inLanguage":"en-US","@id":"https:\/\/noeliabermudez.com\/el-lider-y-la-comunicacion\/#primaryimage","url":"https:\/\/noeliabermudez.com\/wp-content\/uploads\/2014\/09\/usada_-Nelson-Mandela.jpg","contentUrl":"https:\/\/noeliabermudez.com\/wp-content\/uploads\/2014\/09\/usada_-Nelson-Mandela.jpg","width":960,"height":634,"caption":"liderazgo comunicaci\u00f3n Nelson Mandela"},{"@type":"BreadcrumbList","@id":"https:\/\/noeliabermudez.com\/el-lider-y-la-comunicacion\/#breadcrumb","itemListElement":[{"@type":"ListItem","position":1,"name":"Portada","item":"https:\/\/noeliabermudez.com\/en\/"},{"@type":"ListItem","position":2,"name":"El l\u00edder y la comunicaci\u00f3n : habilidades en el liderazgo"}]},{"@type":"WebSite","@id":"https:\/\/noeliabermudez.com\/#website","url":"https:\/\/noeliabermudez.com\/","name":"Noelia Bermudez","description":"Gesti\u00f3n internacional de personas y Coach ejecutivo","publisher":{"@id":"https:\/\/noeliabermudez.com\/#organization"},"potentialAction":[{"@type":"SearchAction","target":{"@type":"EntryPoint","urlTemplate":"https:\/\/noeliabermudez.com\/?s={search_term_string}"},"query-input":{"@type":"PropertyValueSpecification","valueRequired":true,"valueName":"search_term_string"}}],"inLanguage":"en-US"},{"@type":"Organization","@id":"https:\/\/noeliabermudez.com\/#organization","name":"Noelia Bermudez","url":"https:\/\/noeliabermudez.com\/","logo":{"@type":"ImageObject","inLanguage":"en-US","@id":"https:\/\/noeliabermudez.com\/#\/schema\/logo\/image\/","url":"https:\/\/noeliabermudez.com\/wp-content\/uploads\/2023\/07\/LOGO-NB-PCCX220.png","contentUrl":"https:\/\/noeliabermudez.com\/wp-content\/uploads\/2023\/07\/LOGO-NB-PCCX220.png","width":220,"height":56,"caption":"Noelia Bermudez"},"image":{"@id":"https:\/\/noeliabermudez.com\/#\/schema\/logo\/image\/"}},{"@type":"Person","@id":"https:\/\/noeliabermudez.com\/#\/schema\/person\/866ef7479a0c0a7068d6db07c98b20d5","name":"Noelia Berm\u00fadez","image":{"@type":"ImageObject","inLanguage":"en-US","@id":"https:\/\/noeliabermudez.com\/wp-content\/uploads\/2023\/06\/noelia-avatar-96x96.jpg","url":"https:\/\/noeliabermudez.com\/wp-content\/uploads\/2023\/06\/noelia-avatar-96x96.jpg","contentUrl":"https:\/\/noeliabermudez.com\/wp-content\/uploads\/2023\/06\/noelia-avatar-96x96.jpg","caption":"Noelia Berm\u00fadez"},"description":"Mi prop\u00f3sito es contribuir con alegr\u00eda al desarrollo de las personas para que encuentren su misi\u00f3n, alcanzando su mejor versi\u00f3n en este camino.","url":"https:\/\/noeliabermudez.com\/en\/author\/noelia\/"}]}},"_links":{"self":[{"href":"https:\/\/noeliabermudez.com\/en\/wp-json\/wp\/v2\/posts\/680","targetHints":{"allow":["GET"]}}],"collection":[{"href":"https:\/\/noeliabermudez.com\/en\/wp-json\/wp\/v2\/posts"}],"about":[{"href":"https:\/\/noeliabermudez.com\/en\/wp-json\/wp\/v2\/types\/post"}],"author":[{"embeddable":true,"href":"https:\/\/noeliabermudez.com\/en\/wp-json\/wp\/v2\/users\/3"}],"replies":[{"embeddable":true,"href":"https:\/\/noeliabermudez.com\/en\/wp-json\/wp\/v2\/comments?post=680"}],"version-history":[{"count":0,"href":"https:\/\/noeliabermudez.com\/en\/wp-json\/wp\/v2\/posts\/680\/revisions"}],"wp:featuredmedia":[{"embeddable":true,"href":"https:\/\/noeliabermudez.com\/en\/wp-json\/wp\/v2\/media\/720"}],"wp:attachment":[{"href":"https:\/\/noeliabermudez.com\/en\/wp-json\/wp\/v2\/media?parent=680"}],"wp:term":[{"taxonomy":"category","embeddable":true,"href":"https:\/\/noeliabermudez.com\/en\/wp-json\/wp\/v2\/categories?post=680"},{"taxonomy":"post_tag","embeddable":true,"href":"https:\/\/noeliabermudez.com\/en\/wp-json\/wp\/v2\/tags?post=680"}],"curies":[{"name":"wp","href":"https:\/\/api.w.org\/{rel}","templated":true}]}}